{"id":2821,"date":"2026-03-03T20:27:27","date_gmt":"2026-03-03T19:27:27","guid":{"rendered":"https:\/\/www.kskbrunn.at\/?p=2821"},"modified":"2026-04-25T20:28:47","modified_gmt":"2026-04-25T18:28:47","slug":"niederoesterreichische-landesmeisterschaften-in-schrems-am-01-maerz-2026","status":"publish","type":"post","link":"https:\/\/www.kskbrunn.at\/?p=2821","title":{"rendered":"Nieder\u00f6sterreichische Landesmeisterschaften in Schrems am 28.Februar \/ 01. M\u00e4rz 2026"},"content":{"rendered":"<p>[et_pb_section fb_built=&#8220;1&#8243; _builder_version=&#8220;4.23.1&#8243; _module_preset=&#8220;default&#8220; global_colors_info=&#8220;{}&#8220;][et_pb_row _builder_version=&#8220;4.23.1&#8243; _module_preset=&#8220;default&#8220; global_colors_info=&#8220;{}&#8220;][et_pb_column type=&#8220;4_4&#8243; _builder_version=&#8220;4.23.1&#8243; _module_preset=&#8220;default&#8220; global_colors_info=&#8220;{}&#8220;][et_pb_text _builder_version=&#8220;4.23.1&#8243; _module_preset=&#8220;default&#8220; global_colors_info=&#8220;{}&#8220;]<\/p>\n<div>\n<div>\n<p>Am Wochenende 28. Februar \/ 1. M\u00e4rz 2026 fanden die Landesmeisterschaften in Schrems statt und wir vom KSK Brunn am Gebirge waren nat\u00fcrlich mit dabei.<\/p>\n<p>Am 1. Tag traten <strong>Thomas Leitinger<\/strong> und <strong>Lukas Stanek<\/strong> an.<\/p>\n<p>Thomas erreichte 76kg im Rei\u00dfen und 98 kg im Sto\u00dfen und ergatterte damit den 7. Platz in der Gewichtsklasse bis 110 kg.<\/p>\n<p>Lukas durfte auf&#8217;s Stockerl &#8211; und zwar auf den 2. Platz &#8211; indem er 100 kg im Rei\u00dfen und 120 kg im Sto\u00dfen machte.<\/p>\n<\/div>\n<div><\/div>\n<div><\/div>\n<div><\/div>\n<\/div>\n<div><\/div>\n<p>[\/et_pb_text][\/et_pb_column][\/et_pb_row][et_pb_row column_structure=&#8220;1_3,1_3,1_3&#8243; _builder_version=&#8220;4.23.1&#8243; _module_preset=&#8220;default&#8220; global_colors_info=&#8220;{}&#8220;][et_pb_column type=&#8220;1_3&#8243; _builder_version=&#8220;4.23.1&#8243; _module_preset=&#8220;default&#8220; global_colors_info=&#8220;{}&#8220;][et_pb_image src=&#8220;https:\/\/www.kskbrunn.at\/wp-content\/uploads\/2026\/04\/20260228_NOELM_Tom.jpeg&#8220; title_text=&#8220;20260228_NOELM_Tom&#8220; _builder_version=&#8220;4.23.1&#8243; _module_preset=&#8220;default&#8220; global_colors_info=&#8220;{}&#8220;][\/et_pb_image][\/et_pb_column][et_pb_column type=&#8220;1_3&#8243; _builder_version=&#8220;4.23.1&#8243; _module_preset=&#8220;default&#8220; global_colors_info=&#8220;{}&#8220;][et_pb_image src=&#8220;https:\/\/www.kskbrunn.at\/wp-content\/uploads\/2026\/04\/20260228_NOELM_Lukas-02-scaled.jpeg&#8220; title_text=&#8220;20260228_NOELM_Lukas-02&#8243; _builder_version=&#8220;4.23.1&#8243; _module_preset=&#8220;default&#8220; global_colors_info=&#8220;{}&#8220;][\/et_pb_image][\/et_pb_column][et_pb_column type=&#8220;1_3&#8243; _builder_version=&#8220;4.23.1&#8243; _module_preset=&#8220;default&#8220; global_colors_info=&#8220;{}&#8220;][et_pb_image src=&#8220;https:\/\/www.kskbrunn.at\/wp-content\/uploads\/2026\/04\/20260228_NOELM_Lukas-01.jpeg&#8220; title_text=&#8220;20260228_NOELM_Lukas-01&#8243; _builder_version=&#8220;4.23.1&#8243; _module_preset=&#8220;default&#8220; global_colors_info=&#8220;{}&#8220;][\/et_pb_image][\/et_pb_column][\/et_pb_row][et_pb_row column_structure=&#8220;1_2,1_2&#8243; _builder_version=&#8220;4.23.1&#8243; _module_preset=&#8220;default&#8220; global_colors_info=&#8220;{}&#8220;][et_pb_column type=&#8220;1_2&#8243; _builder_version=&#8220;4.23.1&#8243; _module_preset=&#8220;default&#8220; global_colors_info=&#8220;{}&#8220;][et_pb_image src=&#8220;https:\/\/www.kskbrunn.at\/wp-content\/uploads\/2026\/04\/20260301_NOELM_Tom-01-scaled.jpg&#8220; title_text=&#8220;20260301_NOELM_Tom-01&#8243; _builder_version=&#8220;4.23.1&#8243; _module_preset=&#8220;default&#8220; global_colors_info=&#8220;{}&#8220;][\/et_pb_image][\/et_pb_column][et_pb_column type=&#8220;1_2&#8243; _builder_version=&#8220;4.23.1&#8243; _module_preset=&#8220;default&#8220; global_colors_info=&#8220;{}&#8220;][et_pb_image src=&#8220;https:\/\/www.kskbrunn.at\/wp-content\/uploads\/2026\/04\/20260301_NOELM_Lukas-02-scaled.jpg&#8220; title_text=&#8220;20260301_NOELM_Lukas-02&#8243; _builder_version=&#8220;4.23.1&#8243; _module_preset=&#8220;default&#8220; global_colors_info=&#8220;{}&#8220;][\/et_pb_image][\/et_pb_column][\/et_pb_row][et_pb_row _builder_version=&#8220;4.23.1&#8243; _module_preset=&#8220;default&#8220; global_colors_info=&#8220;{}&#8220;][et_pb_column type=&#8220;4_4&#8243; _builder_version=&#8220;4.23.1&#8243; _module_preset=&#8220;default&#8220; global_colors_info=&#8220;{}&#8220;][et_pb_text _builder_version=&#8220;4.23.1&#8243; _module_preset=&#8220;default&#8220; global_colors_info=&#8220;{}&#8220;]<\/p>\n<div>\n<div>\n<p><span style=\"font-size: 14px;\">Am 2. Tag waren unsere Frauen an der Reihe. <\/span><strong style=\"font-size: 14px;\">Sandra Behounek,<\/strong><span style=\"font-size: 14px;\"> <\/span><strong style=\"font-size: 14px;\">Marlene M\u00fcck<\/strong><span style=\"font-size: 14px;\">, <strong>Dana Brunner<\/strong> und <\/span><strong style=\"font-size: 14px;\">Anja Marosi<\/strong><span style=\"font-size: 14px;\">.<\/span><\/p>\n<p><span style=\"font-size: 14px;\">Sandra machte 46 kg im Rei\u00dfen und 59 kg im Sto\u00dfen und erreichte damit den 2. Platz in der Gewichtsklasse bis 58 kg vor Marlene, die mit 45 kg im Rei\u00dfen und 54 im Sto\u00dfen den 3. Platz ergatterte.<\/span><\/p>\n<p><span style=\"font-size: 14px;\">Dana und Anja traten in der Gewichtsklasse bis 69 kg an. Dana machte 46 kg im Rei\u00dfen und 60 kg im Sto\u00dfen und erreichte damit den 6. Platz vor Anja, die mit 44kg im Rei\u00dfen und 55 kg im Sto\u00dfen den 6. Platz machte.<\/span><span style=\"font-size: 14px;\"><\/span><\/p>\n<\/div>\n<div><\/div>\n<div><\/div>\n<div><\/div>\n<\/div>\n<div><\/div>\n<p>[\/et_pb_text][\/et_pb_column][\/et_pb_row][et_pb_row column_structure=&#8220;1_4,1_4,1_4,1_4&#8243; _builder_version=&#8220;4.23.1&#8243; _module_preset=&#8220;default&#8220; global_colors_info=&#8220;{}&#8220;][et_pb_column type=&#8220;1_4&#8243; _builder_version=&#8220;4.23.1&#8243; _module_preset=&#8220;default&#8220; global_colors_info=&#8220;{}&#8220;][et_pb_image src=&#8220;https:\/\/www.kskbrunn.at\/wp-content\/uploads\/2026\/04\/20260301_NOELM_Sandra-07-scaled.jpg&#8220; title_text=&#8220;20260301_NOELM_Sandra-07&#8243; _builder_version=&#8220;4.23.1&#8243; _module_preset=&#8220;default&#8220; global_colors_info=&#8220;{}&#8220;][\/et_pb_image][\/et_pb_column][et_pb_column type=&#8220;1_4&#8243; _builder_version=&#8220;4.23.1&#8243; _module_preset=&#8220;default&#8220; global_colors_info=&#8220;{}&#8220;][et_pb_image src=&#8220;https:\/\/www.kskbrunn.at\/wp-content\/uploads\/2026\/04\/20260301_NOELM_Sandra-01-scaled.jpg&#8220; title_text=&#8220;20260301_NOELM_Sandra-01&#8243; _builder_version=&#8220;4.23.1&#8243; _module_preset=&#8220;default&#8220; global_colors_info=&#8220;{}&#8220;][\/et_pb_image][\/et_pb_column][et_pb_column type=&#8220;1_4&#8243; _builder_version=&#8220;4.23.1&#8243; _module_preset=&#8220;default&#8220; global_colors_info=&#8220;{}&#8220;][et_pb_image src=&#8220;https:\/\/www.kskbrunn.at\/wp-content\/uploads\/2026\/04\/20260301_NOELM_Marlene-03-scaled.jpg&#8220; title_text=&#8220;20260301_NOELM_Marlene-03&#8243; _builder_version=&#8220;4.23.1&#8243; _module_preset=&#8220;default&#8220; global_colors_info=&#8220;{}&#8220;][\/et_pb_image][\/et_pb_column][et_pb_column type=&#8220;1_4&#8243; _builder_version=&#8220;4.23.1&#8243; _module_preset=&#8220;default&#8220; global_colors_info=&#8220;{}&#8220;][et_pb_image src=&#8220;https:\/\/www.kskbrunn.at\/wp-content\/uploads\/2026\/04\/20260301_NOELM_Marlene-02-scaled.jpg&#8220; title_text=&#8220;20260301_NOELM_Marlene-02&#8243; _builder_version=&#8220;4.23.1&#8243; _module_preset=&#8220;default&#8220; global_colors_info=&#8220;{}&#8220;][\/et_pb_image][\/et_pb_column][\/et_pb_row][et_pb_row column_structure=&#8220;1_4,1_4,1_4,1_4&#8243; _builder_version=&#8220;4.23.1&#8243; _module_preset=&#8220;default&#8220; global_colors_info=&#8220;{}&#8220;][et_pb_column type=&#8220;1_4&#8243; _builder_version=&#8220;4.23.1&#8243; _module_preset=&#8220;default&#8220; global_colors_info=&#8220;{}&#8220;][et_pb_image src=&#8220;https:\/\/www.kskbrunn.at\/wp-content\/uploads\/2026\/04\/20260301_NOELM_Dana-02-scaled.jpg&#8220; title_text=&#8220;20260301_NOELM_Dana-02&#8243; _builder_version=&#8220;4.23.1&#8243; _module_preset=&#8220;default&#8220; global_colors_info=&#8220;{}&#8220;][\/et_pb_image][\/et_pb_column][et_pb_column type=&#8220;1_4&#8243; _builder_version=&#8220;4.23.1&#8243; _module_preset=&#8220;default&#8220; global_colors_info=&#8220;{}&#8220;][et_pb_image src=&#8220;https:\/\/www.kskbrunn.at\/wp-content\/uploads\/2026\/04\/20260301_NOELM_Dana-03-scaled.jpg&#8220; title_text=&#8220;20260301_NOELM_Dana-03&#8243; _builder_version=&#8220;4.23.1&#8243; _module_preset=&#8220;default&#8220; global_colors_info=&#8220;{}&#8220;][\/et_pb_image][\/et_pb_column][et_pb_column type=&#8220;1_4&#8243; _builder_version=&#8220;4.23.1&#8243; _module_preset=&#8220;default&#8220; global_colors_info=&#8220;{}&#8220;][et_pb_image src=&#8220;https:\/\/www.kskbrunn.at\/wp-content\/uploads\/2026\/04\/20260301_NOELM_Anja-02-scaled.jpg&#8220; title_text=&#8220;20260301_NOELM_Anja-02&#8243; _builder_version=&#8220;4.23.1&#8243; _module_preset=&#8220;default&#8220; global_colors_info=&#8220;{}&#8220;][\/et_pb_image][\/et_pb_column][et_pb_column type=&#8220;1_4&#8243; _builder_version=&#8220;4.23.1&#8243; _module_preset=&#8220;default&#8220; global_colors_info=&#8220;{}&#8220;][et_pb_image src=&#8220;https:\/\/www.kskbrunn.at\/wp-content\/uploads\/2026\/04\/20260301_NOELM_Anja-06-scaled.jpg&#8220; title_text=&#8220;20260301_NOELM_Anja-06&#8243; _builder_version=&#8220;4.23.1&#8243; _module_preset=&#8220;default&#8220; global_colors_info=&#8220;{}&#8220;][\/et_pb_image][\/et_pb_column][\/et_pb_row][\/et_pb_section]<\/p>\n","protected":false},"excerpt":{"rendered":"<p>Am Wochenende 28. Februar \/ 1. M\u00e4rz 2026 fanden die Landesmeisterschaften in Schrems statt und wir vom KSK Brunn am Gebirge waren nat\u00fcrlich mit dabei. Am 1. Tag traten Thomas Leitinger und Lukas Stanek an. Thomas erreichte 76kg im Rei\u00dfen und 98 kg im Sto\u00dfen und ergatterte damit den 7. Platz in der Gewichtsklasse bis [&hellip;]<\/p>\n","protected":false},"author":2,"featured_media":2837,"comment_status":"open","ping_status":"open","sticky":false,"template":"","format":"standard","meta":{"_et_pb_use_builder":"on","_et_pb_old_content":"","_et_gb_content_width":""},"categories":[1,11],"tags":[],"_links":{"self":[{"href":"https:\/\/www.kskbrunn.at\/index.php?rest_route=\/wp\/v2\/posts\/2821"}],"collection":[{"href":"https:\/\/www.kskbrunn.at\/index.php?rest_route=\/wp\/v2\/posts"}],"about":[{"href":"https:\/\/www.kskbrunn.at\/index.php?rest_route=\/wp\/v2\/types\/post"}],"author":[{"embeddable":true,"href":"https:\/\/www.kskbrunn.at\/index.php?rest_route=\/wp\/v2\/users\/2"}],"replies":[{"embeddable":true,"href":"https:\/\/www.kskbrunn.at\/index.php?rest_route=%2Fwp%2Fv2%2Fcomments&post=2821"}],"version-history":[{"count":11,"href":"https:\/\/www.kskbrunn.at\/index.php?rest_route=\/wp\/v2\/posts\/2821\/revisions"}],"predecessor-version":[{"id":3015,"href":"https:\/\/www.kskbrunn.at\/index.php?rest_route=\/wp\/v2\/posts\/2821\/revisions\/3015"}],"wp:featuredmedia":[{"embeddable":true,"href":"https:\/\/www.kskbrunn.at\/index.php?rest_route=\/wp\/v2\/media\/2837"}],"wp:attachment":[{"href":"https:\/\/www.kskbrunn.at\/index.php?rest_route=%2Fwp%2Fv2%2Fmedia&parent=2821"}],"wp:term":[{"taxonomy":"category","embeddable":true,"href":"https:\/\/www.kskbrunn.at\/index.php?rest_route=%2Fwp%2Fv2%2Fcategories&post=2821"},{"taxonomy":"post_tag","embeddable":true,"href":"https:\/\/www.kskbrunn.at\/index.php?rest_route=%2Fwp%2Fv2%2Ftags&post=2821"}],"curies":[{"name":"wp","href":"https:\/\/api.w.org\/{rel}","templated":true}]}}