{"id":3023,"date":"2026-05-01T22:10:20","date_gmt":"2026-05-01T20:10:20","guid":{"rendered":"https:\/\/www.kskbrunn.at\/?p=3023"},"modified":"2026-05-01T22:10:28","modified_gmt":"2026-05-01T20:10:28","slug":"oesterreichische-masters-in-feldkirchen-bei-graz-am-25-26-april-2026","status":"publish","type":"post","link":"https:\/\/www.kskbrunn.at\/?p=3023","title":{"rendered":"\u00d6sterreichische Masters in Feldkirchen bei Graz am 25. &#038; 26. April 2026"},"content":{"rendered":"<p>[et_pb_section fb_built=&#8220;1&#8243; _builder_version=&#8220;4.23.1&#8243; _module_preset=&#8220;default&#8220; global_colors_info=&#8220;{}&#8220;][et_pb_row _builder_version=&#8220;4.23.1&#8243; _module_preset=&#8220;default&#8220; global_colors_info=&#8220;{}&#8220;][et_pb_column type=&#8220;4_4&#8243; _builder_version=&#8220;4.23.1&#8243; _module_preset=&#8220;default&#8220; global_colors_info=&#8220;{}&#8220;][et_pb_text _builder_version=&#8220;4.23.1&#8243; _module_preset=&#8220;default&#8220; global_colors_info=&#8220;{}&#8220;]<\/p>\n<div>\n<div>\n<p>Drei Athlet:innen nahmen heuer bei den \u00d6sterreichischen Masters in Feldkirchen bei Graz teil.<\/p>\n<p>Den Start machte <strong>Thomas Leitinger<\/strong> in AK 3 am Samstag, 25. April 2026. Er erreichte 70 kg im Rei\u00dfen &#8211; die beiden Steigerungsversuche waren leider ung\u00fcltig. Im Sto\u00dfen steigerte daf\u00fcr von 93 \u00fcber 97 bis 101 kg &#8211; alle drei Versuche waren g\u00fcltig. Thomas erreichte damit den dritten Platz in seiner Gewichtsklasse -110.<\/p>\n<\/div>\n<div><\/div>\n<div><\/div>\n<div><\/div>\n<\/div>\n<div><\/div>\n<p>[\/et_pb_text][\/et_pb_column][\/et_pb_row][et_pb_row column_structure=&#8220;1_2,1_2&#8243; _builder_version=&#8220;4.23.1&#8243; _module_preset=&#8220;default&#8220; global_colors_info=&#8220;{}&#8220;][et_pb_column type=&#8220;1_2&#8243; _builder_version=&#8220;4.23.1&#8243; _module_preset=&#8220;default&#8220; global_colors_info=&#8220;{}&#8220;][et_pb_image src=&#8220;https:\/\/www.kskbrunn.at\/wp-content\/uploads\/2026\/05\/20260425_OEM_Thomas-01.jpeg&#8220; title_text=&#8220;20260425_OEM_Thomas-01&#8243; _builder_version=&#8220;4.23.1&#8243; _module_preset=&#8220;default&#8220; width=&#8220;42%&#8220; module_alignment=&#8220;center&#8220; global_colors_info=&#8220;{}&#8220;][\/et_pb_image][\/et_pb_column][et_pb_column type=&#8220;1_2&#8243; _builder_version=&#8220;4.23.1&#8243; _module_preset=&#8220;default&#8220; global_colors_info=&#8220;{}&#8220;][et_pb_image src=&#8220;https:\/\/www.kskbrunn.at\/wp-content\/uploads\/2026\/05\/20260425_OEM_Thomas-02.jpeg&#8220; title_text=&#8220;20260425_OEM_Thomas-02&#8243; _builder_version=&#8220;4.23.1&#8243; _module_preset=&#8220;default&#8220; width=&#8220;48%&#8220; global_colors_info=&#8220;{}&#8220;][\/et_pb_image][\/et_pb_column][\/et_pb_row][et_pb_row _builder_version=&#8220;4.23.1&#8243; _module_preset=&#8220;default&#8220; global_colors_info=&#8220;{}&#8220;][et_pb_column type=&#8220;4_4&#8243; _builder_version=&#8220;4.23.1&#8243; _module_preset=&#8220;default&#8220; global_colors_info=&#8220;{}&#8220;][et_pb_text _builder_version=&#8220;4.23.1&#8243; _module_preset=&#8220;default&#8220; global_colors_info=&#8220;{}&#8220;]<\/p>\n<div>\n<div>\n<p><span style=\"font-size: 14px;\">Am 2. Tag, Sonntag, 26. April 2026 waren <strong>Thomas Posch<\/strong> und <strong>Anja Marosi<\/strong>, beide AK 1, an der Reihe.<\/span><\/p>\n<p><span style=\"font-size: 14px;\">Thomas legte eine fehlerfreie Serie aller Versuche hin und machte 77 kg im Rei\u00dfen und 103 kg im Sto\u00dfen. Er erreichte damit den 2. Platz in seiner Gewichtsklasse -79.<\/span><span style=\"font-size: 14px;\"><\/span><\/p>\n<p>Anja arbeitete weniger sauber und machte leider einen Fehlversuch beim Rei\u00dfen. Dennoch konnte sie eine neue Bestleistung von 48 kg f\u00fcr sich erreichen. Beim Sto\u00dfen lief es leider nicht so rund &#8211; nach zwei g\u00fcltigen Versuchen mit 60 und 65 kg, war der dritte Versuch leider g\u00fcltig. Sie konnte den 2. Platz in ihrer Gewichtsklasse -69 mitnehmen.<span style=\"font-size: 14px;\"><\/span><\/p>\n<p><span style=\"font-size: 14px;\"><\/span><\/p>\n<\/div>\n<div><\/div>\n<div><\/div>\n<div><\/div>\n<\/div>\n<div><\/div>\n<p>[\/et_pb_text][\/et_pb_column][\/et_pb_row][et_pb_row column_structure=&#8220;1_4,1_4,1_4,1_4&#8243; _builder_version=&#8220;4.23.1&#8243; _module_preset=&#8220;default&#8220; global_colors_info=&#8220;{}&#8220;][et_pb_column type=&#8220;1_4&#8243; _builder_version=&#8220;4.23.1&#8243; _module_preset=&#8220;default&#8220; global_colors_info=&#8220;{}&#8220;][et_pb_image src=&#8220;https:\/\/www.kskbrunn.at\/wp-content\/uploads\/2026\/05\/20260425_OEM_Posch-02.jpeg&#8220; title_text=&#8220;20260425_OEM_Posch-02&#8243; _builder_version=&#8220;4.23.1&#8243; _module_preset=&#8220;default&#8220; global_colors_info=&#8220;{}&#8220;][\/et_pb_image][\/et_pb_column][et_pb_column type=&#8220;1_4&#8243; _builder_version=&#8220;4.23.1&#8243; _module_preset=&#8220;default&#8220; global_colors_info=&#8220;{}&#8220;][et_pb_image src=&#8220;https:\/\/www.kskbrunn.at\/wp-content\/uploads\/2026\/05\/20260425_OEM_Posch-01-scaled.jpeg&#8220; title_text=&#8220;20260425_OEM_Posch-01&#8243; _builder_version=&#8220;4.23.1&#8243; _module_preset=&#8220;default&#8220; global_colors_info=&#8220;{}&#8220;][\/et_pb_image][\/et_pb_column][et_pb_column type=&#8220;1_4&#8243; _builder_version=&#8220;4.23.1&#8243; _module_preset=&#8220;default&#8220; global_colors_info=&#8220;{}&#8220;][et_pb_image src=&#8220;https:\/\/www.kskbrunn.at\/wp-content\/uploads\/2026\/05\/20260425_OEM_Anja-02.jpg&#8220; title_text=&#8220;Screenshot&#8220; _builder_version=&#8220;4.23.1&#8243; _module_preset=&#8220;default&#8220; global_colors_info=&#8220;{}&#8220;][\/et_pb_image][\/et_pb_column][et_pb_column type=&#8220;1_4&#8243; _builder_version=&#8220;4.23.1&#8243; _module_preset=&#8220;default&#8220; global_colors_info=&#8220;{}&#8220;][et_pb_image src=&#8220;https:\/\/www.kskbrunn.at\/wp-content\/uploads\/2026\/05\/20260425_OEM_Anja-01.jpg&#8220; title_text=&#8220;Screenshot&#8220; _builder_version=&#8220;4.23.1&#8243; _module_preset=&#8220;default&#8220; global_colors_info=&#8220;{}&#8220;][\/et_pb_image][\/et_pb_column][\/et_pb_row][\/et_pb_section]<\/p>\n","protected":false},"excerpt":{"rendered":"<p>Drei Athlet:innen nahmen heuer bei den \u00d6sterreichischen Masters in Feldkirchen bei Graz teil. Den Start machte Thomas Leitinger in AK 3 am Samstag, 25. April 2026. Er erreichte 70 kg im Rei\u00dfen &#8211; die beiden Steigerungsversuche waren leider ung\u00fcltig. Im Sto\u00dfen steigerte daf\u00fcr von 93 \u00fcber 97 bis 101 kg &#8211; alle drei Versuche waren [&hellip;]<\/p>\n","protected":false},"author":2,"featured_media":3041,"comment_status":"open","ping_status":"open","sticky":false,"template":"","format":"standard","meta":{"_et_pb_use_builder":"on","_et_pb_old_content":"","_et_gb_content_width":""},"categories":[11],"tags":[],"_links":{"self":[{"href":"https:\/\/www.kskbrunn.at\/index.php?rest_route=\/wp\/v2\/posts\/3023"}],"collection":[{"href":"https:\/\/www.kskbrunn.at\/index.php?rest_route=\/wp\/v2\/posts"}],"about":[{"href":"https:\/\/www.kskbrunn.at\/index.php?rest_route=\/wp\/v2\/types\/post"}],"author":[{"embeddable":true,"href":"https:\/\/www.kskbrunn.at\/index.php?rest_route=\/wp\/v2\/users\/2"}],"replies":[{"embeddable":true,"href":"https:\/\/www.kskbrunn.at\/index.php?rest_route=%2Fwp%2Fv2%2Fcomments&post=3023"}],"version-history":[{"count":4,"href":"https:\/\/www.kskbrunn.at\/index.php?rest_route=\/wp\/v2\/posts\/3023\/revisions"}],"predecessor-version":[{"id":3049,"href":"https:\/\/www.kskbrunn.at\/index.php?rest_route=\/wp\/v2\/posts\/3023\/revisions\/3049"}],"wp:featuredmedia":[{"embeddable":true,"href":"https:\/\/www.kskbrunn.at\/index.php?rest_route=\/wp\/v2\/media\/3041"}],"wp:attachment":[{"href":"https:\/\/www.kskbrunn.at\/index.php?rest_route=%2Fwp%2Fv2%2Fmedia&parent=3023"}],"wp:term":[{"taxonomy":"category","embeddable":true,"href":"https:\/\/www.kskbrunn.at\/index.php?rest_route=%2Fwp%2Fv2%2Fcategories&post=3023"},{"taxonomy":"post_tag","embeddable":true,"href":"https:\/\/www.kskbrunn.at\/index.php?rest_route=%2Fwp%2Fv2%2Ftags&post=3023"}],"curies":[{"name":"wp","href":"https:\/\/api.w.org\/{rel}","templated":true}]}}